{"id":1950,"date":"2019-05-01T19:56:02","date_gmt":"2019-05-01T19:56:02","guid":{"rendered":"https:\/\/blog.tetra.net\/hu-hu\/?p=1950"},"modified":"2019-05-01T19:56:41","modified_gmt":"2019-05-01T19:56:41","slug":"ismerje-meg-kedvenceit","status":"publish","type":"post","link":"https:\/\/blog.tetra.net\/hu-hu\/ismerje-meg-kedvenceit\/","title":{"rendered":"Ismerje meg kedvenceit!"},"content":{"rendered":"\n<p>Az emberek gyakran az\u00e9rt tartanak otthonukban v\u00edzi l\u00e9nyeket, mert csod\u00e1latos l\u00e1tv\u00e1nyt ny\u00fajtanak \u00e9l\u00e9nk sz\u00edneik \u00e9s leny\u0171g\u00f6z\u0151 alakjuk r\u00e9v\u00e9n. Sok akv\u00e1riumtulajdonos szeretn\u00e9 ezt a v\u00e1ltozatoss\u00e1got meg\u00f6r\u00f6k\u00edteni, \u00e1m a halak, r\u00e1kok \u00e9s m\u00e1s v\u00edzi \u00e9l\u0151l\u00e9nyek fot\u00f3z\u00e1sa meglep\u0151 kih\u00edv\u00e1sokat tartogat. Ez\u00e9rt mi megk\u00e9rt\u00fck Peter Uhl* term\u00e9szetfot\u00f3st, hogy adjon n\u00e9h\u00e1ny praktikus tippet.<\/p>\n\n\n\n<div class=\"wp-block-cover has-background-dim is-layout-flow wp-block-cover-is-layout-flow\" style=\"background-image:url(https:\/\/blog.tetra.net\/hu-hu\/wp-content\/uploads\/2019\/05\/ismerje-meg-kedvenceit.jpg)\"><\/div>\n\n\n\n<h3 class=\"wp-block-heading\">Mi\u00e9rt olyan neh\u00e9z sz\u00e9p k\u00e9pet csin\u00e1lni a saj\u00e1t halainkr\u00f3l?<\/h3>\n\n\n\n<p>Alapvet\u0151en h\u00e1rom probl\u00e9ma mer\u00fcl fel: el\u0151sz\u00f6r is, az akv\u00e1riumi lak\u00f3i gyakran elmos\u00f3dottak lesznek. M\u00e1sodszor a visszat\u00fckr\u00f6z\u0151d\u00e9s is elronthatja a k\u00e9peket. V\u00e9g\u00fcl, de nem utols\u00f3 sorban a fot\u00f3 sz\u00edne nem mindig adj\u00e1k vissza a val\u00f3s\u00e1gos sz\u00edneket. Ezeket a probl\u00e9m\u00e1kat ki lehet k\u00fcsz\u00f6b\u00f6lni vakuval, de csak k\u00fcls\u0151 vakuval.<\/p>\n\n\n\n<h3 class=\"wp-block-heading\">Mi az a k\u00fcls\u0151 vaku?<\/h3>\n\n\n\n<p>A be\u00e9p\u00edtett vakuval ellent\u00e9tben a k\u00fcls\u0151 vakut a f\u00e9nyk\u00e9pez\u0151g\u00e9pt\u0151l elk\u00fcl\u00f6n\u00edtve is lehet haszn\u00e1lni. Egy vezet\u00e9k n\u00e9lk\u00fcli \u00e9rz\u00e9kel\u0151 ir\u00e1ny\u00edtja a vakut a f\u00e9nyk\u00e9pez\u00e9s pillanat\u00e1ban, \u00edgy sokkal jobban lehet szab\u00e1lyozni a megvil\u00e1g\u00edt\u00e1st (pl. a f\u00e9ny j\u00f6het fentr\u0151l vagy oldalr\u00f3l is). Viszont, ha a vaku a f\u00e9nyk\u00e9pez\u0151 tetej\u00e9n van r\u00f6gz\u00edtve, az cs\u00fanya visszat\u00fckr\u00f6z\u0151d\u00e9seket eredm\u00e9nyezhet. A helyes felszerel\u00e9st haszn\u00e1lata azonban csak egy r\u00e9sze a sz\u00e9ps\u00e9ges v\u00edzi l\u00e9nyek fot\u00f3z\u00e1s\u00e1nak, az is ugyanilyen fontos, hogy figyelj\u00fck meg az \u00e1llatokat fot\u00f3z\u00e1s el\u0151tt \u00e9s k\u00f6zben is.<\/p>\n\n\n\n<div class=\"wp-block-cover has-background-dim is-layout-flow wp-block-cover-is-layout-flow\" style=\"background-image:url(https:\/\/blog.tetra.net\/hu-hu\/wp-content\/uploads\/2019\/05\/ismerje-meg-kedvenceit_2.jpg)\"><\/div>\n\n\n\n<h3 class=\"wp-block-heading\">Sz\u00f3val kamera n\u00e9lk\u00fcl is figyeljem meg \u0151ket?<\/h3>\n\n\n\n<p>Pontosan! Ismerje meg kedvenceit! \u00cdgy r\u00e1j\u00f6het p\u00e9ld\u00e1ul, hogy melyik halnak milyen tipikus \u00fasz\u00e1smint\u00e1ja van. Mondjuk a s\u00fcg\u00e9rf\u00e9l\u00e9k gyakran a sz\u00e1jukba sodorj\u00e1k az aljzati kavicsokat, majd ut\u00e1na kik\u00f6pik, \u00e9s ezt sokszor egym\u00e1s ut\u00e1n ism\u00e9tlik, ami kiv\u00e1l\u00f3 fot\u00f3t\u00e9ma. Sok ember al\u00e1becs\u00fcli a megfigyel\u00e9s jelent\u0151s\u00e9g\u00e9t. Pedig nagy el\u0151ny, ha ismerj\u00fck a fot\u00f3 t\u00e1rgy\u00e1t \u00e9s szok\u00e1sait, \u00edgy lehet nagyszer\u0171 k\u00e9peket k\u00e9sz\u00edteni.<\/p>\n\n\n\n<div class=\"wp-block-cover has-background-dim is-layout-flow wp-block-cover-is-layout-flow\" style=\"background-image:url(https:\/\/blog.tetra.net\/hu-hu\/wp-content\/uploads\/2019\/05\/ismerje-meg-kedvenceit_3.jpg)\"><\/div>\n\n\n\n<h3 class=\"wp-block-heading\">Milyen param\u00e9terekkel rendelkezzen a f\u00e9nyk\u00e9pez\u0151m?<\/h3>\n\n\n\n<p>Egy SLR\/t\u00fck\u00f6rreflexes kamera ide\u00e1lis, mert nagyon r\u00f6vid az expon\u00e1l\u00e1si ideje. A g\u00e9p rendelkezzen k\u00f6vet\u0151 autof\u00f3kusz lehet\u0151s\u00e9ggel is, mely k\u00f6veti \u00e9s \u00e9lesen tartja a mozg\u00f3 \u00e1llatokat. A r\u00e9gebbi bridge t\u00edpus\u00fa g\u00e9pek viszont nem igaz\u00e1n megfelel\u0151ek. Ezek a f\u00e9nyk\u00e9pez\u0151k a kompakt \u00e9s t\u00fck\u00f6rreflexes g\u00e9pek kever\u00e9kei, de gyakran t\u00fal k\u00e9s\u0151n villantj\u00e1k a vakut, \u00edgy a fot\u00f3 t\u00e1rgya m\u00e1r r\u00e9g od\u00e9bb \u00faszik, mire elk\u00e9sz\u00fclne a k\u00e9p.<\/p>\n\n\n\n<h3 class=\"wp-block-heading\">Sz\u00fcks\u00e9gem van \u00e1llv\u00e1nyra is ?<\/h3>\n\n\n\n<p>Ha megoldhat\u00f3, hogy otthon, k\u00fcl\u00f6n\u00e1ll\u00f3 vakuval f\u00e9nyk\u00e9pezzen, akkor nem igaz\u00e1n kell \u00e1llv\u00e1ny. Van m\u00e1r elegend\u0151 f\u00e9ny, \u00e9s a k\u00e9p t\u00e1rgyai is kell\u0151en f\u00f3kuszban lesznek a r\u00f6vid expon\u00e1l\u00e1si id\u0151nek k\u00f6sz\u00f6nhet\u0151en. R\u00e1ad\u00e1sul \u00e1llv\u00e1ny n\u00e9lk\u00fcl rugalmasabban lehet dolgozni, gyorsabban \u00e9s jobban lehet reag\u00e1lni az \u00e1llatok mozg\u00e1s\u00e1ra. Nagyon fontos, hogy a f\u00e9nyk\u00e9pez\u0151t mindig p\u00e1rhuzamosan kell tartani az \u00fcveggel.<\/p>\n\n\n\n<h3 class=\"wp-block-heading\">Mi\u00e9rt?<\/h3>\n\n\n\n<p>Mert k\u00fcl\u00f6nben torz\u00edthat a k\u00e9p, az \u00fcveg miatt m\u00e1shov\u00e1 f\u00f3kusz\u00e1l a g\u00e9p. Min\u00e9l vastagabb az \u00fcveg, ann\u00e1l er\u0151sebb ez a hat\u00e1s.<\/p>\n\n\n\n<div class=\"wp-block-cover has-background-dim is-layout-flow wp-block-cover-is-layout-flow\" style=\"background-image:url(https:\/\/blog.tetra.net\/hu-hu\/wp-content\/uploads\/2019\/05\/ismerje-meg-kedvenceit_4.jpg)\"><\/div>\n\n\n\n<h3 class=\"wp-block-heading\">Hogy ker\u00fclhet\u0151k el a visszat\u00fckr\u00f6z\u0151d\u00e9sek?<\/h3>\n\n\n\n<p>El\u0151sz\u00f6r is, a g\u00e9pet olyan k\u00f6zel, \u00e9s olyan p\u00e1rhuzamosan kell tartani az akv\u00e1rium \u00fcveg\u00e9hez, ahogy csak lehets\u00e9ges. S\u00f6t\u00e9t ruh\u00e1zat vagy s\u00f6t\u00e9t h\u00e1tt\u00e9r is seg\u00edthet. Vagy meg lehet v\u00e1rni, hogy kint bes\u00f6t\u00e9tedjen, \u00edgy csak az akv\u00e1rium fog vil\u00e1g\u00edtani, \u00e9s kevesebb lesz a t\u00fckr\u00f6z\u0151d\u00e9si probl\u00e9ma. Ez azonban teljesen nem oldja meg a dolgot, mert az akv\u00e1rium m\u00e1sik oldal\u00e1r\u00f3l is \u00e9rkezhet visszaver\u0151d\u00f6tt f\u00e9ny. Sajnos ezt lehetetlen megel\u0151zni, \u00edgy a legjobb, ha m\u00e1sik poz\u00edci\u00f3b\u00f3l pr\u00f3b\u00e1lunk meg fot\u00f3zni.<\/p>\n\n\n\n<h3 class=\"wp-block-heading\">Vannak olyan halak, amik j\u00f3k a gyakorl\u00e1sra?<\/h3>\n\n\n\n<p>Term\u00e9szetesen. Minden olyan fajta, mely nem \u00faszik t\u00fal gyorsan, \u00edgy t\u00f6bb id\u0151 van felk\u00e9sz\u00fclni a fot\u00f3z\u00e1sra. A harcs\u00e1k egyes fajai szeretnek k\u00f6veken vagy n\u00f6v\u00e9nyeken sok\u00e1ig id\u0151zni, \u00edgy k\u00f6nnyen lekaphatjuk \u0151ket. Ennek ellen\u00e9re rengeteg t\u00fcrelem sz\u00fcks\u00e9geltetik az akv\u00e1riumi \u00e9l\u0151l\u00e9nyek fot\u00f3z\u00e1s\u00e1hoz.<\/p>\n\n\n\n<div class=\"wp-block-cover has-background-dim is-layout-flow wp-block-cover-is-layout-flow\" style=\"background-image:url(https:\/\/blog.tetra.net\/hu-hu\/wp-content\/uploads\/2019\/05\/ismerje-meg-kedvenceit_5.jpg)\"><\/div>\n\n\n\n<h3 class=\"wp-block-heading\">Mert nem mindig siker\u00fcl els\u0151re, igaz?<\/h3>\n\n\n\n<p>\u00cdgy van. Az a l\u00e9nyeg, hogy \u00e9rezze mag\u00e1t j\u00f3l fot\u00f3z\u00e1s k\u00f6zben. Ne \u00e1ll\u00edtson fel mag\u00e1nak szigor\u00fa c\u00e9lokat! Ha \u00d6nnek tetszik a fot\u00f3, nem baj, ha nem 100 sz\u00e1zal\u00e9kig t\u00f6k\u00e9letes. Ha \u00d6n tal\u00e1l benne valami sz\u00e9pet, vagy fel\u00e9breszt \u00d6nben egy \u00e9rz\u00e9st, akkor az j\u00f3 fot\u00f3nak sz\u00e1m\u00edt, akkor is, ha t\u00f6rt\u00e9netesen egy kicsit hom\u00e1lyos vagy a vil\u00e1g\u00edt\u00e1s nem megfelel\u0151!<\/p>\n\n\n\n<h3 class=\"wp-block-heading\">Van kedvenc fot\u00f3t\u00e9m\u00e1ja?<\/h3>\n\n\n\n<p>A feles\u00e9gem k\u00e9sz\u00edtett p\u00e1r fot\u00f3t egy csik\u00f3halr\u00f3l egy \u00e1llatkerti s\u00f3s vizes akv\u00e1riumban. A csik\u00f3hal a fark\u00e1val egy \u00e1gba kapaszkodott \u00e9s eg\u00e9sz id\u0151 alatt el\u0151re-h\u00e1tra t\u00e1ncolt, \u00edgy nagyon neh\u00e9z volt elkapni. Viszont igaz\u00e1n leny\u0171g\u00f6z\u0151 t\u00e9ma volt, \u00e9s mikor siker\u00fclt lefot\u00f3zni, nagyszer\u0171en siker\u00fclt.<\/p>\n\n\n\n<ul class=\"wp-block-gallery columns-2 is-cropped wp-block-gallery-1 is-layout-flex wp-block-gallery-is-layout-flex\"><li class=\"blocks-gallery-item\"><figure><img loading=\"lazy\" decoding=\"async\" width=\"210\" height=\"210\" src=\"https:\/\/blog.tetra.net\/hu-hu\/wp-content\/uploads\/2019\/05\/ismerje-meg-kedvenceit_6.jpg\" alt=\"\" data-id=\"1955\" data-link=\"https:\/\/blog.tetra.net\/hu-hu\/?attachment_id=1955#main\" class=\"wp-image-1955\"\/><\/figure><\/li><li class=\"blocks-gallery-item\"><figure><img loading=\"lazy\" decoding=\"async\" width=\"300\" height=\"209\" src=\"https:\/\/blog.tetra.net\/hu-hu\/wp-content\/uploads\/2019\/05\/ismerje-meg-kedvenceit_7.jpg\" alt=\"\" data-id=\"1954\" data-link=\"https:\/\/blog.tetra.net\/hu-hu\/?attachment_id=1954#main\" class=\"wp-image-1954\"\/><\/figure><\/li><\/ul>\n\n\n\n<p><em>*Peter Uhl \u00e9s feles\u00e9ge, Martina Walther-Uhl, \u201cFotoschule des Sehens\u201d nev\u0171 fot\u00f3siskol\u00e1jukat vezetik Isernhagenben, N\u00e9metorsz\u00e1gban. Eur\u00f3pa-szerte tartanak workshopokat \u00e9s szemin\u00e1riumokat amat\u0151r fot\u00f3soknak t\u00f6bbek k\u00f6z\u00f6tt akv\u00e1riumfot\u00f3z\u00e1s t\u00e9m\u00e1ban, ak\u00e1r saj\u00e1t, ak\u00e1r nagy tengeri akv\u00e1riumr\u00f3l van sz\u00f3.&nbsp;<\/em><\/p>\n\n\n\n<p><em>Tov\u00e1bbi inform\u00e1ci\u00f3:&nbsp;http:\/\/www.fotoschule-des-sehens.de\/aquarium.php<br><\/em><br><\/p>\n\n\n\n<p>A Tetra \u00fczenete:<em>&nbsp;Nagyon k\u00f6sz\u00f6nj\u00fck az \u00e9rdekes interj\u00fat \u00e9s azt, hogy felhaszn\u00e1lhattunk p\u00e1r csod\u00e1s k\u00e9pet! Tov\u00e1bbi sok sikert k\u00edv\u00e1nunk!&nbsp;<\/em><br><br>LBLAUTHOR:&nbsp;TetraGmbH<br>LBLCREATEDAT:&nbsp;05.07.2017<\/p>\n","protected":false},"excerpt":{"rendered":"<p>Az emberek gyakran az\u00e9rt tartanak otthonukban v\u00edzi l\u00e9nyeket, mert csod\u00e1latos l\u00e1tv\u00e1nyt ny\u00fajtanak \u00e9l\u00e9nk sz\u00edneik \u00e9s leny\u0171g\u00f6z\u0151 alakjuk r\u00e9v\u00e9n. Sok akv\u00e1riumtulajdonos szeretn\u00e9 ezt a v\u00e1ltozatoss\u00e1got meg\u00f6r\u00f6k\u00edteni, \u00e1m a halak, r\u00e1kok \u00e9s m\u00e1s v\u00edzi \u00e9l\u0151l\u00e9nyek fot\u00f3z\u00e1sa meglep\u0151 kih\u00edv\u00e1sokat tartogat. Ez\u00e9rt mi megk\u00e9rt\u00fck Peter Uhl* term\u00e9szetfot\u00f3st, hogy adjon n\u00e9h\u00e1ny praktikus tippet. Mi\u00e9rt olyan neh\u00e9z sz\u00e9p k\u00e9pet csin\u00e1lni a [&#8230;]\n","protected":false},"author":1,"featured_media":1952,"comment_status":"closed","ping_status":"closed","sticky":false,"template":"","format":"standard","meta":{"footnotes":""},"categories":[165,168],"tags":[],"class_list":["post-1950","post","type-post","status-publish","format-standard","has-post-thumbnail","hentry","category-aquarium","category-halak-es-tarsaik"],"yoast_head":"<!-- This site is optimized with the Yoast SEO plugin v27.3 - https:\/\/yoast.com\/product\/yoast-seo-wordpress\/ -->\n<title>Ismerje meg kedvenceit! | Tetra Advanced Fishkeeper Blog<\/title>\n<meta name=\"robots\" content=\"index, follow, max-snippet:-1, max-image-preview:large, max-video-preview:-1\" \/>\n<link rel=\"canonical\" href=\"https:\/\/blog.tetra.net\/hu-hu\/ismerje-meg-kedvenceit\/\" \/>\n<meta property=\"og:locale\" content=\"en_GB\" \/>\n<meta property=\"og:type\" content=\"article\" \/>\n<meta property=\"og:title\" content=\"Ismerje meg kedvenceit! | Tetra Advanced Fishkeeper Blog\" \/>\n<meta property=\"og:description\" content=\"Az emberek gyakran az\u00e9rt tartanak otthonukban v\u00edzi l\u00e9nyeket, mert csod\u00e1latos l\u00e1tv\u00e1nyt ny\u00fajtanak \u00e9l\u00e9nk sz\u00edneik \u00e9s leny\u0171g\u00f6z\u0151 alakjuk r\u00e9v\u00e9n. Sok akv\u00e1riumtulajdonos szeretn\u00e9 ezt a v\u00e1ltozatoss\u00e1got meg\u00f6r\u00f6k\u00edteni, \u00e1m a halak, r\u00e1kok \u00e9s m\u00e1s v\u00edzi \u00e9l\u0151l\u00e9nyek fot\u00f3z\u00e1sa meglep\u0151 kih\u00edv\u00e1sokat tartogat. Ez\u00e9rt mi megk\u00e9rt\u00fck Peter Uhl* term\u00e9szetfot\u00f3st, hogy adjon n\u00e9h\u00e1ny praktikus tippet. Mi\u00e9rt olyan neh\u00e9z sz\u00e9p k\u00e9pet csin\u00e1lni a [...]\" \/>\n<meta property=\"og:url\" content=\"https:\/\/blog.tetra.net\/hu-hu\/ismerje-meg-kedvenceit\/\" \/>\n<meta property=\"og:site_name\" content=\"Tetra Advanced Fishkeeper Blog\" \/>\n<meta property=\"article:published_time\" content=\"2019-05-01T19:56:02+00:00\" \/>\n<meta property=\"article:modified_time\" content=\"2019-05-01T19:56:41+00:00\" \/>\n<meta property=\"og:image\" content=\"https:\/\/blog.tetra.net\/hu-hu\/wp-content\/uploads\/2019\/05\/ismerje-meg-kedvenceit.jpg\" \/>\n\t<meta property=\"og:image:width\" content=\"1000\" \/>\n\t<meta property=\"og:image:height\" content=\"550\" \/>\n\t<meta property=\"og:image:type\" content=\"image\/jpeg\" \/>\n<meta name=\"author\" content=\"admin\" \/>\n<meta name=\"twitter:card\" content=\"summary_large_image\" \/>\n<meta name=\"twitter:label1\" content=\"Written by\" \/>\n\t<meta name=\"twitter:data1\" content=\"admin\" \/>\n\t<meta name=\"twitter:label2\" content=\"Estimated reading time\" \/>\n\t<meta name=\"twitter:data2\" content=\"6 minutes\" \/>\n<script type=\"application\/ld+json\" class=\"yoast-schema-graph\">{\"@context\":\"https:\\\/\\\/schema.org\",\"@graph\":[{\"@type\":\"Article\",\"@id\":\"https:\\\/\\\/blog.tetra.net\\\/hu-hu\\\/ismerje-meg-kedvenceit\\\/#article\",\"isPartOf\":{\"@id\":\"https:\\\/\\\/blog.tetra.net\\\/hu-hu\\\/ismerje-meg-kedvenceit\\\/\"},\"author\":{\"name\":\"admin\",\"@id\":\"https:\\\/\\\/blog.tetra.net\\\/hu-hu\\\/#\\\/schema\\\/person\\\/d92e7ecf6ce6dbd52732f052ca0150a8\"},\"headline\":\"Ismerje meg kedvenceit!\",\"datePublished\":\"2019-05-01T19:56:02+00:00\",\"dateModified\":\"2019-05-01T19:56:41+00:00\",\"mainEntityOfPage\":{\"@id\":\"https:\\\/\\\/blog.tetra.net\\\/hu-hu\\\/ismerje-meg-kedvenceit\\\/\"},\"wordCount\":1115,\"image\":{\"@id\":\"https:\\\/\\\/blog.tetra.net\\\/hu-hu\\\/ismerje-meg-kedvenceit\\\/#primaryimage\"},\"thumbnailUrl\":\"https:\\\/\\\/blog.tetra.net\\\/hu-hu\\\/wp-content\\\/uploads\\\/2019\\\/05\\\/ismerje-meg-kedvenceit.jpg\",\"articleSection\":[\"Aquarium\",\"Halak \u00e9s t\u00e1rsaik\"],\"inLanguage\":\"en-GB\"},{\"@type\":\"WebPage\",\"@id\":\"https:\\\/\\\/blog.tetra.net\\\/hu-hu\\\/ismerje-meg-kedvenceit\\\/\",\"url\":\"https:\\\/\\\/blog.tetra.net\\\/hu-hu\\\/ismerje-meg-kedvenceit\\\/\",\"name\":\"Ismerje meg kedvenceit! | Tetra Advanced Fishkeeper Blog\",\"isPartOf\":{\"@id\":\"https:\\\/\\\/blog.tetra.net\\\/hu-hu\\\/#website\"},\"primaryImageOfPage\":{\"@id\":\"https:\\\/\\\/blog.tetra.net\\\/hu-hu\\\/ismerje-meg-kedvenceit\\\/#primaryimage\"},\"image\":{\"@id\":\"https:\\\/\\\/blog.tetra.net\\\/hu-hu\\\/ismerje-meg-kedvenceit\\\/#primaryimage\"},\"thumbnailUrl\":\"https:\\\/\\\/blog.tetra.net\\\/hu-hu\\\/wp-content\\\/uploads\\\/2019\\\/05\\\/ismerje-meg-kedvenceit.jpg\",\"datePublished\":\"2019-05-01T19:56:02+00:00\",\"dateModified\":\"2019-05-01T19:56:41+00:00\",\"author\":{\"@id\":\"https:\\\/\\\/blog.tetra.net\\\/hu-hu\\\/#\\\/schema\\\/person\\\/d92e7ecf6ce6dbd52732f052ca0150a8\"},\"breadcrumb\":{\"@id\":\"https:\\\/\\\/blog.tetra.net\\\/hu-hu\\\/ismerje-meg-kedvenceit\\\/#breadcrumb\"},\"inLanguage\":\"en-GB\",\"potentialAction\":[{\"@type\":\"ReadAction\",\"target\":[\"https:\\\/\\\/blog.tetra.net\\\/hu-hu\\\/ismerje-meg-kedvenceit\\\/\"]}]},{\"@type\":\"ImageObject\",\"inLanguage\":\"en-GB\",\"@id\":\"https:\\\/\\\/blog.tetra.net\\\/hu-hu\\\/ismerje-meg-kedvenceit\\\/#primaryimage\",\"url\":\"https:\\\/\\\/blog.tetra.net\\\/hu-hu\\\/wp-content\\\/uploads\\\/2019\\\/05\\\/ismerje-meg-kedvenceit.jpg\",\"contentUrl\":\"https:\\\/\\\/blog.tetra.net\\\/hu-hu\\\/wp-content\\\/uploads\\\/2019\\\/05\\\/ismerje-meg-kedvenceit.jpg\",\"width\":1000,\"height\":550},{\"@type\":\"BreadcrumbList\",\"@id\":\"https:\\\/\\\/blog.tetra.net\\\/hu-hu\\\/ismerje-meg-kedvenceit\\\/#breadcrumb\",\"itemListElement\":[{\"@type\":\"ListItem\",\"position\":1,\"name\":\"Home\",\"item\":\"https:\\\/\\\/blog.tetra.net\\\/hu-hu\\\/\"},{\"@type\":\"ListItem\",\"position\":2,\"name\":\"Ismerje meg kedvenceit!\"}]},{\"@type\":\"WebSite\",\"@id\":\"https:\\\/\\\/blog.tetra.net\\\/hu-hu\\\/#website\",\"url\":\"https:\\\/\\\/blog.tetra.net\\\/hu-hu\\\/\",\"name\":\"Tetra advanced fishkeeper blog\",\"description\":\"\",\"potentialAction\":[{\"@type\":\"SearchAction\",\"target\":{\"@type\":\"EntryPoint\",\"urlTemplate\":\"https:\\\/\\\/blog.tetra.net\\\/hu-hu\\\/?s={search_term_string}\"},\"query-input\":{\"@type\":\"PropertyValueSpecification\",\"valueRequired\":true,\"valueName\":\"search_term_string\"}}],\"inLanguage\":\"en-GB\"},{\"@type\":\"Person\",\"@id\":\"https:\\\/\\\/blog.tetra.net\\\/hu-hu\\\/#\\\/schema\\\/person\\\/d92e7ecf6ce6dbd52732f052ca0150a8\",\"name\":\"admin\",\"image\":{\"@type\":\"ImageObject\",\"inLanguage\":\"en-GB\",\"@id\":\"https:\\\/\\\/secure.gravatar.com\\\/avatar\\\/1d0572f2759e327b18a18fc24b6871bbb04d3a9940afbd8956d8176018a9c35e?s=96&d=mm&r=g\",\"url\":\"https:\\\/\\\/secure.gravatar.com\\\/avatar\\\/1d0572f2759e327b18a18fc24b6871bbb04d3a9940afbd8956d8176018a9c35e?s=96&d=mm&r=g\",\"contentUrl\":\"https:\\\/\\\/secure.gravatar.com\\\/avatar\\\/1d0572f2759e327b18a18fc24b6871bbb04d3a9940afbd8956d8176018a9c35e?s=96&d=mm&r=g\",\"caption\":\"admin\"}}]}<\/script>\n<!-- \/ Yoast SEO plugin. -->","yoast_head_json":{"title":"Ismerje meg kedvenceit! | Tetra Advanced Fishkeeper Blog","robots":{"index":"index","follow":"follow","max-snippet":"max-snippet:-1","max-image-preview":"max-image-preview:large","max-video-preview":"max-video-preview:-1"},"canonical":"https:\/\/blog.tetra.net\/hu-hu\/ismerje-meg-kedvenceit\/","og_locale":"en_GB","og_type":"article","og_title":"Ismerje meg kedvenceit! | Tetra Advanced Fishkeeper Blog","og_description":"Az emberek gyakran az\u00e9rt tartanak otthonukban v\u00edzi l\u00e9nyeket, mert csod\u00e1latos l\u00e1tv\u00e1nyt ny\u00fajtanak \u00e9l\u00e9nk sz\u00edneik \u00e9s leny\u0171g\u00f6z\u0151 alakjuk r\u00e9v\u00e9n. Sok akv\u00e1riumtulajdonos szeretn\u00e9 ezt a v\u00e1ltozatoss\u00e1got meg\u00f6r\u00f6k\u00edteni, \u00e1m a halak, r\u00e1kok \u00e9s m\u00e1s v\u00edzi \u00e9l\u0151l\u00e9nyek fot\u00f3z\u00e1sa meglep\u0151 kih\u00edv\u00e1sokat tartogat. Ez\u00e9rt mi megk\u00e9rt\u00fck Peter Uhl* term\u00e9szetfot\u00f3st, hogy adjon n\u00e9h\u00e1ny praktikus tippet. Mi\u00e9rt olyan neh\u00e9z sz\u00e9p k\u00e9pet csin\u00e1lni a [...]","og_url":"https:\/\/blog.tetra.net\/hu-hu\/ismerje-meg-kedvenceit\/","og_site_name":"Tetra Advanced Fishkeeper Blog","article_published_time":"2019-05-01T19:56:02+00:00","article_modified_time":"2019-05-01T19:56:41+00:00","og_image":[{"width":1000,"height":550,"url":"https:\/\/blog.tetra.net\/hu-hu\/wp-content\/uploads\/2019\/05\/ismerje-meg-kedvenceit.jpg","type":"image\/jpeg"}],"author":"admin","twitter_card":"summary_large_image","twitter_misc":{"Written by":"admin","Estimated reading time":"6 minutes"},"schema":{"@context":"https:\/\/schema.org","@graph":[{"@type":"Article","@id":"https:\/\/blog.tetra.net\/hu-hu\/ismerje-meg-kedvenceit\/#article","isPartOf":{"@id":"https:\/\/blog.tetra.net\/hu-hu\/ismerje-meg-kedvenceit\/"},"author":{"name":"admin","@id":"https:\/\/blog.tetra.net\/hu-hu\/#\/schema\/person\/d92e7ecf6ce6dbd52732f052ca0150a8"},"headline":"Ismerje meg kedvenceit!","datePublished":"2019-05-01T19:56:02+00:00","dateModified":"2019-05-01T19:56:41+00:00","mainEntityOfPage":{"@id":"https:\/\/blog.tetra.net\/hu-hu\/ismerje-meg-kedvenceit\/"},"wordCount":1115,"image":{"@id":"https:\/\/blog.tetra.net\/hu-hu\/ismerje-meg-kedvenceit\/#primaryimage"},"thumbnailUrl":"https:\/\/blog.tetra.net\/hu-hu\/wp-content\/uploads\/2019\/05\/ismerje-meg-kedvenceit.jpg","articleSection":["Aquarium","Halak \u00e9s t\u00e1rsaik"],"inLanguage":"en-GB"},{"@type":"WebPage","@id":"https:\/\/blog.tetra.net\/hu-hu\/ismerje-meg-kedvenceit\/","url":"https:\/\/blog.tetra.net\/hu-hu\/ismerje-meg-kedvenceit\/","name":"Ismerje meg kedvenceit! | Tetra Advanced Fishkeeper Blog","isPartOf":{"@id":"https:\/\/blog.tetra.net\/hu-hu\/#website"},"primaryImageOfPage":{"@id":"https:\/\/blog.tetra.net\/hu-hu\/ismerje-meg-kedvenceit\/#primaryimage"},"image":{"@id":"https:\/\/blog.tetra.net\/hu-hu\/ismerje-meg-kedvenceit\/#primaryimage"},"thumbnailUrl":"https:\/\/blog.tetra.net\/hu-hu\/wp-content\/uploads\/2019\/05\/ismerje-meg-kedvenceit.jpg","datePublished":"2019-05-01T19:56:02+00:00","dateModified":"2019-05-01T19:56:41+00:00","author":{"@id":"https:\/\/blog.tetra.net\/hu-hu\/#\/schema\/person\/d92e7ecf6ce6dbd52732f052ca0150a8"},"breadcrumb":{"@id":"https:\/\/blog.tetra.net\/hu-hu\/ismerje-meg-kedvenceit\/#breadcrumb"},"inLanguage":"en-GB","potentialAction":[{"@type":"ReadAction","target":["https:\/\/blog.tetra.net\/hu-hu\/ismerje-meg-kedvenceit\/"]}]},{"@type":"ImageObject","inLanguage":"en-GB","@id":"https:\/\/blog.tetra.net\/hu-hu\/ismerje-meg-kedvenceit\/#primaryimage","url":"https:\/\/blog.tetra.net\/hu-hu\/wp-content\/uploads\/2019\/05\/ismerje-meg-kedvenceit.jpg","contentUrl":"https:\/\/blog.tetra.net\/hu-hu\/wp-content\/uploads\/2019\/05\/ismerje-meg-kedvenceit.jpg","width":1000,"height":550},{"@type":"BreadcrumbList","@id":"https:\/\/blog.tetra.net\/hu-hu\/ismerje-meg-kedvenceit\/#breadcrumb","itemListElement":[{"@type":"ListItem","position":1,"name":"Home","item":"https:\/\/blog.tetra.net\/hu-hu\/"},{"@type":"ListItem","position":2,"name":"Ismerje meg kedvenceit!"}]},{"@type":"WebSite","@id":"https:\/\/blog.tetra.net\/hu-hu\/#website","url":"https:\/\/blog.tetra.net\/hu-hu\/","name":"Tetra advanced fishkeeper blog","description":"","potentialAction":[{"@type":"SearchAction","target":{"@type":"EntryPoint","urlTemplate":"https:\/\/blog.tetra.net\/hu-hu\/?s={search_term_string}"},"query-input":{"@type":"PropertyValueSpecification","valueRequired":true,"valueName":"search_term_string"}}],"inLanguage":"en-GB"},{"@type":"Person","@id":"https:\/\/blog.tetra.net\/hu-hu\/#\/schema\/person\/d92e7ecf6ce6dbd52732f052ca0150a8","name":"admin","image":{"@type":"ImageObject","inLanguage":"en-GB","@id":"https:\/\/secure.gravatar.com\/avatar\/1d0572f2759e327b18a18fc24b6871bbb04d3a9940afbd8956d8176018a9c35e?s=96&d=mm&r=g","url":"https:\/\/secure.gravatar.com\/avatar\/1d0572f2759e327b18a18fc24b6871bbb04d3a9940afbd8956d8176018a9c35e?s=96&d=mm&r=g","contentUrl":"https:\/\/secure.gravatar.com\/avatar\/1d0572f2759e327b18a18fc24b6871bbb04d3a9940afbd8956d8176018a9c35e?s=96&d=mm&r=g","caption":"admin"}}]}},"_links":{"self":[{"href":"https:\/\/blog.tetra.net\/hu-hu\/wp-json\/wp\/v2\/posts\/1950","targetHints":{"allow":["GET"]}}],"collection":[{"href":"https:\/\/blog.tetra.net\/hu-hu\/wp-json\/wp\/v2\/posts"}],"about":[{"href":"https:\/\/blog.tetra.net\/hu-hu\/wp-json\/wp\/v2\/types\/post"}],"author":[{"embeddable":true,"href":"https:\/\/blog.tetra.net\/hu-hu\/wp-json\/wp\/v2\/users\/1"}],"replies":[{"embeddable":true,"href":"https:\/\/blog.tetra.net\/hu-hu\/wp-json\/wp\/v2\/comments?post=1950"}],"version-history":[{"count":3,"href":"https:\/\/blog.tetra.net\/hu-hu\/wp-json\/wp\/v2\/posts\/1950\/revisions"}],"predecessor-version":[{"id":1960,"href":"https:\/\/blog.tetra.net\/hu-hu\/wp-json\/wp\/v2\/posts\/1950\/revisions\/1960"}],"wp:featuredmedia":[{"embeddable":true,"href":"https:\/\/blog.tetra.net\/hu-hu\/wp-json\/wp\/v2\/media\/1952"}],"wp:attachment":[{"href":"https:\/\/blog.tetra.net\/hu-hu\/wp-json\/wp\/v2\/media?parent=1950"}],"wp:term":[{"taxonomy":"category","embeddable":true,"href":"https:\/\/blog.tetra.net\/hu-hu\/wp-json\/wp\/v2\/categories?post=1950"},{"taxonomy":"post_tag","embeddable":true,"href":"https:\/\/blog.tetra.net\/hu-hu\/wp-json\/wp\/v2\/tags?post=1950"}],"curies":[{"name":"wp","href":"https:\/\/api.w.org\/{rel}","templated":true}]}}