{"id":2022,"date":"2019-05-01T20:26:55","date_gmt":"2019-05-01T20:26:55","guid":{"rendered":"https:\/\/blog.tetra.net\/hu-hu\/?p=2022"},"modified":"2019-05-01T20:26:58","modified_gmt":"2019-05-01T20:26:58","slug":"segitsen-halainak-fitten-es-egeszsegesen-varni-a-tavaszt","status":"publish","type":"post","link":"https:\/\/blog.tetra.net\/hu-hu\/segitsen-halainak-fitten-es-egeszsegesen-varni-a-tavaszt\/","title":{"rendered":"Seg\u00edtsen halainak fitten \u00e9s eg\u00e9szs\u00e9gesen v\u00e1rni a tavaszt!"},"content":{"rendered":"\n<p>Mikor a nap melegebben s\u00fct \u00e9s el\u0151b\u00fajnak a z\u00f6ldell\u0151 r\u00fcgyek, tudjuk, hogy hamarosan itt a tavasz. De mi a helyzet a halakkal a t\u00f3ban? Lassacsk\u00e1n \u00e9bredeznek a t\u00e9li \u00e1lmukb\u00f3l \u00e9s egyre akt\u00edvabban \u00faszk\u00e1lnak. Most m\u00e1r \u00e9lelemre is sz\u00fcks\u00e9g\u00fck van, hiszen az em\u00e9szt\u0151rendszer\u00fck is fokozatosan \u00fajra m\u0171k\u00f6d\u00e9sbe l\u00e9p. Ugyanakkor a hideg t\u00e9l miatt az immunrendszer\u00fck nem a leger\u0151sebb, s\u0151t, ak\u00e1r meg is gyeng\u00fclhetett. N\u00e9zz\u00fck, mit tehet\u00fcnk tavasszal a halak j\u00f3ll\u00e9t\u00e9\u00e9rt!<\/p>\n\n\n\n<h3 class=\"wp-block-heading\">A halak visszat\u00e9r\u00e9se a t\u00f3ba<\/h3>\n\n\n\n<p>Kisebb vagy sek\u00e9ly kerti tavak eset\u00e9n az a legjobb a halaknak, ha a telet bent a h\u00e1zban vagy m\u00e1s fagymentes k\u00f6rnyezetben v\u00e9szelhetik \u00e1t. Egyes aranyhalt\u00edpusok biztosan k\u00e9ptelenek megbirk\u00f3zni a hideggel, \u00edgy mindenk\u00e9ppen be kell \u0151ket vinni.Ha a t\u00f3 h\u0151m\u00e9rs\u00e9klete ism\u00e9t emelkedik (ide\u00e1lis esetben 10 fok f\u00f6l\u00f6tti \u00e1lland\u00f3 h\u0151m\u00e9rs\u00e9kletre), a halak visszat\u00e9rhetnek a t\u00f3ba. El\u0151tte viszont akklimatiz\u00e1l\u00f3dniuk kell az ottani v\u00edzh\u0151m\u00e9rs\u00e9klethez. Ehhez fokozatosan adjon a t\u00f3 viz\u00e9b\u0151l abba a tart\u00e1lyba, melyben a halak a telet t\u00f6lt\u00f6tt\u00e9k. \u00cdgy mind a v\u00edz h\u0151m\u00e9rs\u00e9klete, mind a k\u00e9miai \u00e9rt\u00e9kek fokozatosan egy szintbe ker\u00fclnek. A halak teh\u00e1t k\u00fcl\u00f6n\u00f6sebb megpr\u00f3b\u00e1ltat\u00e1sok n\u00e9lk\u00fcl szokhatnak hozz\u00e1 az \u00faj k\u00f6r\u00fclm\u00e9nyekhez, majd visszat\u00e9rhetnek a t\u00f3ba.<\/p>\n\n\n\n<h3 class=\"wp-block-heading\">\u00c1ttelel\u00e9s a t\u00f3ban<\/h3>\n\n\n\n<p>Halai a kerti t\u00f3ban t\u00f6lt\u00f6tt\u00e9k a telet? Ha ism\u00e9t aktiviz\u00e1lj\u00e1k magukat, ideje ellen\u0151rizni, megvannak-e mind, illetve megtervezni a t\u00f3 k\u00f6zelg\u0151 karbantart\u00e1s\u00e1t. Ide tartozik a n\u00f6v\u00e9nyek gondoz\u00e1sa, a v\u00edzmin\u0151s\u00e9g tesztel\u00e9se \u00e9s r\u00e9szleges v\u00edzcser\u00e9k be\u00fctemez\u00e9se. Ne feledje ellen\u0151rizni a t\u00f3ba telep\u00edtett m\u0171szaki berendez\u00e9seket sem (pl. sz\u0171r\u0151k, stb.).<\/p>\n\n\n\n<h3 class=\"wp-block-heading\">Sz\u0171r\u0151 a t\u00f3ban<\/h3>\n\n\n\n<p>Mikor a v\u00edz melegedni kezd, ideje \u00fajra beind\u00edtani a sz\u0171r\u0151berendez\u00e9st. Mivel ide\u00e1lis esetben m\u00e1r a t\u00e9l be\u00e1llta el\u0151tt kitiszt\u00edttatta a sz\u0171r\u0151t, most csak annyi a dolga, hogy ellen\u0151rzi, m\u0171k\u00f6dik-e, beteszi a sz\u0171r\u0151bet\u00e9tet, \u00e9s \u00fajraind\u00edtja. Vegye figyelembe viszont, hogy a biol\u00f3giai sz\u0171r\u00e9s nem lesz azonnal teljesen hat\u00e9kony, mert a h\u0171v\u00f6sebb v\u00edzben a sz\u0171r\u0151bakt\u00e9riumoknak t\u00f6bb id\u0151 kell, hogy megtelepedjenek \u00e9s aktiviz\u00e1l\u00f3djanak.<\/p>\n\n\n\n<h3 class=\"wp-block-heading\">Ellen\u0151rizze a v\u00edzmin\u0151s\u00e9get!<\/h3>\n\n\n\n<p>A halak eg\u00e9szs\u00e9ge els\u0151sorban a v\u00edz j\u00f3 min\u0151s\u00e9g\u00e9n m\u00falik, \u00edgy rendszeresen tesztelni kell a v\u00edz \u00e9rt\u00e9keit a t\u00f3ban. Kora tavasszal k\u00fcl\u00f6n\u00f6sen fontos az amm\u00f3nia- \u00e9s nitritszintek szemmel tart\u00e1sa, mivel m\u00e1r \u00fajra ker\u00fcl haleledel a v\u00edzbe, de a biol\u00f3giai sz\u0171r\u00e9s csak fokozatosan \u00e9ri el teljes kapacit\u00e1s\u00e1t.&nbsp;<br>M\u00e1s tulajdons\u00e1gok, p\u00e9ld\u00e1ul a karbon\u00e1tkem\u00e9nys\u00e9g \u00e9s a pH-\u00e9rt\u00e9k is fontos. Ha a teszt kritikus szintet mutat ki, nagy volumen\u0171 r\u00e9szleges v\u00edzcser\u00e9t kell v\u00e9gezni a lehet\u0151 legs\u00fcrg\u0151sebben.<\/p>\n\n\n\n<h3 class=\"wp-block-heading\">Sz\u00fcks\u00e9ges a r\u00e9szleges v\u00edzcsere?<\/h3>\n\n\n\n<p>Att\u00f3l f\u00fcggetlen\u00fcl, hogy a rossz v\u00edzmin\u0151s\u00e9g miatt esetleg m\u00e1r volt r\u00e9szleges v\u00edzcsere a t\u00f3ban, legk\u00e9s\u0151bb tavasszal mindenk\u00e9pp kell v\u00e9gezni egy nagyobb cser\u00e9t is. B\u00e1rmilyen gondosan is k\u00e9sztj\u00fck el\u0151 \u0151sszel a tavat, a t\u00e9li id\u0151szakban \u00f3hatatlanul is romlik a v\u00edz min\u0151s\u00e9ge. A nagyobb r\u00e9szleges v\u00edzcsere \u00edgy nem csak fontos tavaszi karbantart\u00e1si teend\u0151, de a legjobb m\u00f3dja annak is, hogy sikeres \u00faj \u00e9vet alapozzunk meg a tavunknak.<\/p>\n\n\n\n<h3 class=\"wp-block-heading\">A halak \u00e9s immunrendszer\u00fck<\/h3>\n\n\n\n<p>A kerti t\u00f3ban \u00e9l\u0151 halak t\u00f6bbs\u00e9ge a pontyf\u00e9l\u00e9k csal\u00e1dj\u00e1hoz tartozik. Sokuknak, f\u0151leg a koi pontyoknak, term\u00e9szetes tulajdons\u00e1guk, hogy az immunrendszer\u00fck alacsony h\u0151m\u00e9rs\u00e9kleten nem m\u0171k\u00f6dik rendesen. Mivel a t\u00e9l folyam\u00e1n fel kell \u00e9lni\u00fck energiarakt\u00e1raikat, az \u00e9vszak v\u00e9g\u00e9re nem lesznek olyan eg\u00e9szs\u00e9gesek \u00e9s fittek. Ez\u00e1ltal fog\u00e9konny\u00e1 v\u00e1lnak fert\u0151z\u00e9sekre, mikor tavasszal a v\u00edz ism\u00e9t melegedni kezd. A halak megfelel\u0151 el\u0151k\u00e9sz\u00edt\u00e9se \u0151sszel a legjobb m\u00f3dja annak, hogy a tavaszt is eg\u00e9szs\u00e9gesen v\u00e1rhass\u00e1k.<br><\/p>\n\n\n\n<h3 class=\"wp-block-heading\">Halbetegs\u00e9gek<\/h3>\n\n\n\n<p>A kerti t\u00f3ban \u00e9l\u0151 halak k\u00fcl\u00f6n\u00f6sen az \u00e9v els\u0151 h\u00f3napjaiban fog\u00e9konyak a betegs\u00e9gekre. \u00c9l\u0151sk\u00f6d\u0151 \u00e9s bakteri\u00e1lis fert\u0151z\u00e9sek a leggyakoribbak, ez\u00e9rt alaposan szemmel kell tartani a halakat, hogy a probl\u00e9ma els\u0151 jel\u00e9n\u00e9l reag\u00e1lhassunk, ha kell, szak\u00e9rt\u0151 tan\u00e1csa alapj\u00e1n. Figyelmeztet\u0151 jel lehet, ha a halak a v\u00edzh\u0151m\u00e9rs\u00e9klet emelked\u00e9se ut\u00e1n is levertek maradnak, ha sebeket vagy gyullad\u00e1sos r\u00e9szeket l\u00e1tunk a b\u0151r\u00fck\u00f6n vagy uszonyaikon, ha ny\u00e1lkah\u00e1rty\u00e1juk sz\u00fcrk\u00e9s, vagy ha term\u00e9szetellenesen l\u00e9legeznek.&nbsp;<br>Akkor sem szabad v\u00e1rni, ha feh\u00e9r p\u00f6tty\u00f6ket, vagy vattaszer\u0171 gombak\u00e9pz\u0151dm\u00e9nyeket vesz\u00fcnk \u00e9szre a halakon. A szakboltokban megfelel\u0151 \u00e9s hat\u00e9kony gy\u00f3gyszerek kaphat\u00f3k, melyek nem k\u00e1rosak a halakra. Ezeket az instrukci\u00f3knak megfelel\u0151en kell alkalmazni. Ne feledj\u00fck azonban, hogy a legjobb gy\u00f3gyszerek sem seg\u00edtenek a halakon hossz\u00fa t\u00e1von, ha nem gondoskodunk a sz\u00e1mukra lehet\u0151 legjobb \u00e9letk\u00f6r\u00fclm\u00e9nyekr\u0151l a t\u00f3 rendszeres gondoz\u00e1s\u00e1val.<\/p>\n\n\n\n<h3 class=\"wp-block-heading\">Etet\u00e9s \u00e9s haleles\u00e9gek<\/h3>\n\n\n\n<p>Amint a h\u0151m\u00e9rs\u00e9klet emelkedik \u00e9s halaink ism\u00e9t akt\u00edvak, ideje ism\u00e9t etetni \u0151ket, mivel a term\u00e9szetes tartal\u00e9kaikat m\u00e1r kimer\u00edtett\u00e9k. Ha a v\u00edz h\u0151m\u00e9rs\u00e9klete m\u00e9g mindig 10\u00b0C alatt van, speci\u00e1lis eledelre van sz\u00fcks\u00e9g. A b\u00fazacs\u00edr\u00e1s term\u00e9kek p\u00e9ld\u00e1ul k\u00f6nnyen em\u00e9szthet\u0151k \u00e9s j\u00f3t tesznek a halak lassan \u00e9ledez\u0151 anyagcser\u00e9j\u00e9nek. Kezdetk\u00e9nt kis adagokat adjunk csak, hogy ne maradjon \u00e9lelemmarad\u00e9k a t\u00f3ban. Ez a fajta etet\u00e9si rendszer tavasszal (\u00e9s majd k\u00e9s\u0151 \u0151sszel) seg\u00edt a halak eg\u00e9szs\u00e9g\u00e9nek \u00e9s \u00e1ll\u00f3k\u00e9pess\u00e9g\u00e9nek meg\u0151rz\u00e9s\u00e9ben, a lehet\u0151 legjobban ind\u00edtva az \u00faj \u00e9vet.<\/p>\n","protected":false},"excerpt":{"rendered":"<p>Mikor a nap melegebben s\u00fct \u00e9s el\u0151b\u00fajnak a z\u00f6ldell\u0151 r\u00fcgyek, tudjuk, hogy hamarosan itt a tavasz. De mi a helyzet a halakkal a t\u00f3ban? Lassacsk\u00e1n \u00e9bredeznek a t\u00e9li \u00e1lmukb\u00f3l \u00e9s egyre akt\u00edvabban \u00faszk\u00e1lnak. Most m\u00e1r \u00e9lelemre is sz\u00fcks\u00e9g\u00fck van, hiszen az em\u00e9szt\u0151rendszer\u00fck is fokozatosan \u00fajra m\u0171k\u00f6d\u00e9sbe l\u00e9p. Ugyanakkor a hideg t\u00e9l miatt az immunrendszer\u00fck nem [&#8230;]\n","protected":false},"author":1,"featured_media":2024,"comment_status":"closed","ping_status":"closed","sticky":false,"template":"","format":"standard","meta":{"footnotes":""},"categories":[170,166],"tags":[],"class_list":["post-2022","post","type-post","status-publish","format-standard","has-post-thumbnail","hentry","category-apolas-pond","category-pond"],"yoast_head":"<!-- This site is optimized with the Yoast SEO plugin v27.3 - https:\/\/yoast.com\/product\/yoast-seo-wordpress\/ -->\n<title>Seg\u00edtsen halainak fitten \u00e9s eg\u00e9szs\u00e9gesen v\u00e1rni a tavaszt! | Tetra Advanced Fishkeeper Blog<\/title>\n<meta name=\"robots\" content=\"index, follow, max-snippet:-1, max-image-preview:large, max-video-preview:-1\" \/>\n<link rel=\"canonical\" href=\"https:\/\/blog.tetra.net\/hu-hu\/segitsen-halainak-fitten-es-egeszsegesen-varni-a-tavaszt\/\" \/>\n<meta property=\"og:locale\" content=\"en_GB\" \/>\n<meta property=\"og:type\" content=\"article\" \/>\n<meta property=\"og:title\" content=\"Seg\u00edtsen halainak fitten \u00e9s eg\u00e9szs\u00e9gesen v\u00e1rni a tavaszt! | Tetra Advanced Fishkeeper Blog\" \/>\n<meta property=\"og:description\" content=\"Mikor a nap melegebben s\u00fct \u00e9s el\u0151b\u00fajnak a z\u00f6ldell\u0151 r\u00fcgyek, tudjuk, hogy hamarosan itt a tavasz. De mi a helyzet a halakkal a t\u00f3ban? Lassacsk\u00e1n \u00e9bredeznek a t\u00e9li \u00e1lmukb\u00f3l \u00e9s egyre akt\u00edvabban \u00faszk\u00e1lnak. Most m\u00e1r \u00e9lelemre is sz\u00fcks\u00e9g\u00fck van, hiszen az em\u00e9szt\u0151rendszer\u00fck is fokozatosan \u00fajra m\u0171k\u00f6d\u00e9sbe l\u00e9p. Ugyanakkor a hideg t\u00e9l miatt az immunrendszer\u00fck nem [...]\" \/>\n<meta property=\"og:url\" content=\"https:\/\/blog.tetra.net\/hu-hu\/segitsen-halainak-fitten-es-egeszsegesen-varni-a-tavaszt\/\" \/>\n<meta property=\"og:site_name\" content=\"Tetra Advanced Fishkeeper Blog\" \/>\n<meta property=\"article:published_time\" content=\"2019-05-01T20:26:55+00:00\" \/>\n<meta property=\"article:modified_time\" content=\"2019-05-01T20:26:58+00:00\" \/>\n<meta property=\"og:image\" content=\"https:\/\/blog.tetra.net\/hu-hu\/wp-content\/uploads\/2019\/05\/segitsen-halainak-fitten-es-egeszsegesen-varni-a-tavaszt.jpg\" \/>\n\t<meta property=\"og:image:width\" content=\"1000\" \/>\n\t<meta property=\"og:image:height\" content=\"550\" \/>\n\t<meta property=\"og:image:type\" content=\"image\/jpeg\" \/>\n<meta name=\"author\" content=\"admin\" \/>\n<meta name=\"twitter:card\" content=\"summary_large_image\" \/>\n<meta name=\"twitter:label1\" content=\"Written by\" \/>\n\t<meta name=\"twitter:data1\" content=\"admin\" \/>\n\t<meta name=\"twitter:label2\" content=\"Estimated reading time\" \/>\n\t<meta name=\"twitter:data2\" content=\"6 minutes\" \/>\n<script type=\"application\/ld+json\" class=\"yoast-schema-graph\">{\"@context\":\"https:\\\/\\\/schema.org\",\"@graph\":[{\"@type\":\"Article\",\"@id\":\"https:\\\/\\\/blog.tetra.net\\\/hu-hu\\\/segitsen-halainak-fitten-es-egeszsegesen-varni-a-tavaszt\\\/#article\",\"isPartOf\":{\"@id\":\"https:\\\/\\\/blog.tetra.net\\\/hu-hu\\\/segitsen-halainak-fitten-es-egeszsegesen-varni-a-tavaszt\\\/\"},\"author\":{\"name\":\"admin\",\"@id\":\"https:\\\/\\\/blog.tetra.net\\\/hu-hu\\\/#\\\/schema\\\/person\\\/d92e7ecf6ce6dbd52732f052ca0150a8\"},\"headline\":\"Seg\u00edtsen halainak fitten \u00e9s eg\u00e9szs\u00e9gesen v\u00e1rni a tavaszt!\",\"datePublished\":\"2019-05-01T20:26:55+00:00\",\"dateModified\":\"2019-05-01T20:26:58+00:00\",\"mainEntityOfPage\":{\"@id\":\"https:\\\/\\\/blog.tetra.net\\\/hu-hu\\\/segitsen-halainak-fitten-es-egeszsegesen-varni-a-tavaszt\\\/\"},\"wordCount\":1114,\"image\":{\"@id\":\"https:\\\/\\\/blog.tetra.net\\\/hu-hu\\\/segitsen-halainak-fitten-es-egeszsegesen-varni-a-tavaszt\\\/#primaryimage\"},\"thumbnailUrl\":\"https:\\\/\\\/blog.tetra.net\\\/hu-hu\\\/wp-content\\\/uploads\\\/2019\\\/05\\\/segitsen-halainak-fitten-es-egeszsegesen-varni-a-tavaszt.jpg\",\"articleSection\":[\"\u00c1pol\u00e1s\",\"Pond\"],\"inLanguage\":\"en-GB\"},{\"@type\":\"WebPage\",\"@id\":\"https:\\\/\\\/blog.tetra.net\\\/hu-hu\\\/segitsen-halainak-fitten-es-egeszsegesen-varni-a-tavaszt\\\/\",\"url\":\"https:\\\/\\\/blog.tetra.net\\\/hu-hu\\\/segitsen-halainak-fitten-es-egeszsegesen-varni-a-tavaszt\\\/\",\"name\":\"Seg\u00edtsen halainak fitten \u00e9s eg\u00e9szs\u00e9gesen v\u00e1rni a tavaszt! | Tetra Advanced Fishkeeper Blog\",\"isPartOf\":{\"@id\":\"https:\\\/\\\/blog.tetra.net\\\/hu-hu\\\/#website\"},\"primaryImageOfPage\":{\"@id\":\"https:\\\/\\\/blog.tetra.net\\\/hu-hu\\\/segitsen-halainak-fitten-es-egeszsegesen-varni-a-tavaszt\\\/#primaryimage\"},\"image\":{\"@id\":\"https:\\\/\\\/blog.tetra.net\\\/hu-hu\\\/segitsen-halainak-fitten-es-egeszsegesen-varni-a-tavaszt\\\/#primaryimage\"},\"thumbnailUrl\":\"https:\\\/\\\/blog.tetra.net\\\/hu-hu\\\/wp-content\\\/uploads\\\/2019\\\/05\\\/segitsen-halainak-fitten-es-egeszsegesen-varni-a-tavaszt.jpg\",\"datePublished\":\"2019-05-01T20:26:55+00:00\",\"dateModified\":\"2019-05-01T20:26:58+00:00\",\"author\":{\"@id\":\"https:\\\/\\\/blog.tetra.net\\\/hu-hu\\\/#\\\/schema\\\/person\\\/d92e7ecf6ce6dbd52732f052ca0150a8\"},\"breadcrumb\":{\"@id\":\"https:\\\/\\\/blog.tetra.net\\\/hu-hu\\\/segitsen-halainak-fitten-es-egeszsegesen-varni-a-tavaszt\\\/#breadcrumb\"},\"inLanguage\":\"en-GB\",\"potentialAction\":[{\"@type\":\"ReadAction\",\"target\":[\"https:\\\/\\\/blog.tetra.net\\\/hu-hu\\\/segitsen-halainak-fitten-es-egeszsegesen-varni-a-tavaszt\\\/\"]}]},{\"@type\":\"ImageObject\",\"inLanguage\":\"en-GB\",\"@id\":\"https:\\\/\\\/blog.tetra.net\\\/hu-hu\\\/segitsen-halainak-fitten-es-egeszsegesen-varni-a-tavaszt\\\/#primaryimage\",\"url\":\"https:\\\/\\\/blog.tetra.net\\\/hu-hu\\\/wp-content\\\/uploads\\\/2019\\\/05\\\/segitsen-halainak-fitten-es-egeszsegesen-varni-a-tavaszt.jpg\",\"contentUrl\":\"https:\\\/\\\/blog.tetra.net\\\/hu-hu\\\/wp-content\\\/uploads\\\/2019\\\/05\\\/segitsen-halainak-fitten-es-egeszsegesen-varni-a-tavaszt.jpg\",\"width\":1000,\"height\":550},{\"@type\":\"BreadcrumbList\",\"@id\":\"https:\\\/\\\/blog.tetra.net\\\/hu-hu\\\/segitsen-halainak-fitten-es-egeszsegesen-varni-a-tavaszt\\\/#breadcrumb\",\"itemListElement\":[{\"@type\":\"ListItem\",\"position\":1,\"name\":\"Home\",\"item\":\"https:\\\/\\\/blog.tetra.net\\\/hu-hu\\\/\"},{\"@type\":\"ListItem\",\"position\":2,\"name\":\"Seg\u00edtsen halainak fitten \u00e9s eg\u00e9szs\u00e9gesen v\u00e1rni a tavaszt!\"}]},{\"@type\":\"WebSite\",\"@id\":\"https:\\\/\\\/blog.tetra.net\\\/hu-hu\\\/#website\",\"url\":\"https:\\\/\\\/blog.tetra.net\\\/hu-hu\\\/\",\"name\":\"Tetra advanced fishkeeper blog\",\"description\":\"\",\"potentialAction\":[{\"@type\":\"SearchAction\",\"target\":{\"@type\":\"EntryPoint\",\"urlTemplate\":\"https:\\\/\\\/blog.tetra.net\\\/hu-hu\\\/?s={search_term_string}\"},\"query-input\":{\"@type\":\"PropertyValueSpecification\",\"valueRequired\":true,\"valueName\":\"search_term_string\"}}],\"inLanguage\":\"en-GB\"},{\"@type\":\"Person\",\"@id\":\"https:\\\/\\\/blog.tetra.net\\\/hu-hu\\\/#\\\/schema\\\/person\\\/d92e7ecf6ce6dbd52732f052ca0150a8\",\"name\":\"admin\",\"image\":{\"@type\":\"ImageObject\",\"inLanguage\":\"en-GB\",\"@id\":\"https:\\\/\\\/secure.gravatar.com\\\/avatar\\\/1d0572f2759e327b18a18fc24b6871bbb04d3a9940afbd8956d8176018a9c35e?s=96&d=mm&r=g\",\"url\":\"https:\\\/\\\/secure.gravatar.com\\\/avatar\\\/1d0572f2759e327b18a18fc24b6871bbb04d3a9940afbd8956d8176018a9c35e?s=96&d=mm&r=g\",\"contentUrl\":\"https:\\\/\\\/secure.gravatar.com\\\/avatar\\\/1d0572f2759e327b18a18fc24b6871bbb04d3a9940afbd8956d8176018a9c35e?s=96&d=mm&r=g\",\"caption\":\"admin\"}}]}<\/script>\n<!-- \/ Yoast SEO plugin. -->","yoast_head_json":{"title":"Seg\u00edtsen halainak fitten \u00e9s eg\u00e9szs\u00e9gesen v\u00e1rni a tavaszt! | Tetra Advanced Fishkeeper Blog","robots":{"index":"index","follow":"follow","max-snippet":"max-snippet:-1","max-image-preview":"max-image-preview:large","max-video-preview":"max-video-preview:-1"},"canonical":"https:\/\/blog.tetra.net\/hu-hu\/segitsen-halainak-fitten-es-egeszsegesen-varni-a-tavaszt\/","og_locale":"en_GB","og_type":"article","og_title":"Seg\u00edtsen halainak fitten \u00e9s eg\u00e9szs\u00e9gesen v\u00e1rni a tavaszt! | Tetra Advanced Fishkeeper Blog","og_description":"Mikor a nap melegebben s\u00fct \u00e9s el\u0151b\u00fajnak a z\u00f6ldell\u0151 r\u00fcgyek, tudjuk, hogy hamarosan itt a tavasz. De mi a helyzet a halakkal a t\u00f3ban? Lassacsk\u00e1n \u00e9bredeznek a t\u00e9li \u00e1lmukb\u00f3l \u00e9s egyre akt\u00edvabban \u00faszk\u00e1lnak. Most m\u00e1r \u00e9lelemre is sz\u00fcks\u00e9g\u00fck van, hiszen az em\u00e9szt\u0151rendszer\u00fck is fokozatosan \u00fajra m\u0171k\u00f6d\u00e9sbe l\u00e9p. Ugyanakkor a hideg t\u00e9l miatt az immunrendszer\u00fck nem [...]","og_url":"https:\/\/blog.tetra.net\/hu-hu\/segitsen-halainak-fitten-es-egeszsegesen-varni-a-tavaszt\/","og_site_name":"Tetra Advanced Fishkeeper Blog","article_published_time":"2019-05-01T20:26:55+00:00","article_modified_time":"2019-05-01T20:26:58+00:00","og_image":[{"width":1000,"height":550,"url":"https:\/\/blog.tetra.net\/hu-hu\/wp-content\/uploads\/2019\/05\/segitsen-halainak-fitten-es-egeszsegesen-varni-a-tavaszt.jpg","type":"image\/jpeg"}],"author":"admin","twitter_card":"summary_large_image","twitter_misc":{"Written by":"admin","Estimated reading time":"6 minutes"},"schema":{"@context":"https:\/\/schema.org","@graph":[{"@type":"Article","@id":"https:\/\/blog.tetra.net\/hu-hu\/segitsen-halainak-fitten-es-egeszsegesen-varni-a-tavaszt\/#article","isPartOf":{"@id":"https:\/\/blog.tetra.net\/hu-hu\/segitsen-halainak-fitten-es-egeszsegesen-varni-a-tavaszt\/"},"author":{"name":"admin","@id":"https:\/\/blog.tetra.net\/hu-hu\/#\/schema\/person\/d92e7ecf6ce6dbd52732f052ca0150a8"},"headline":"Seg\u00edtsen halainak fitten \u00e9s eg\u00e9szs\u00e9gesen v\u00e1rni a tavaszt!","datePublished":"2019-05-01T20:26:55+00:00","dateModified":"2019-05-01T20:26:58+00:00","mainEntityOfPage":{"@id":"https:\/\/blog.tetra.net\/hu-hu\/segitsen-halainak-fitten-es-egeszsegesen-varni-a-tavaszt\/"},"wordCount":1114,"image":{"@id":"https:\/\/blog.tetra.net\/hu-hu\/segitsen-halainak-fitten-es-egeszsegesen-varni-a-tavaszt\/#primaryimage"},"thumbnailUrl":"https:\/\/blog.tetra.net\/hu-hu\/wp-content\/uploads\/2019\/05\/segitsen-halainak-fitten-es-egeszsegesen-varni-a-tavaszt.jpg","articleSection":["\u00c1pol\u00e1s","Pond"],"inLanguage":"en-GB"},{"@type":"WebPage","@id":"https:\/\/blog.tetra.net\/hu-hu\/segitsen-halainak-fitten-es-egeszsegesen-varni-a-tavaszt\/","url":"https:\/\/blog.tetra.net\/hu-hu\/segitsen-halainak-fitten-es-egeszsegesen-varni-a-tavaszt\/","name":"Seg\u00edtsen halainak fitten \u00e9s eg\u00e9szs\u00e9gesen v\u00e1rni a tavaszt! | Tetra Advanced Fishkeeper Blog","isPartOf":{"@id":"https:\/\/blog.tetra.net\/hu-hu\/#website"},"primaryImageOfPage":{"@id":"https:\/\/blog.tetra.net\/hu-hu\/segitsen-halainak-fitten-es-egeszsegesen-varni-a-tavaszt\/#primaryimage"},"image":{"@id":"https:\/\/blog.tetra.net\/hu-hu\/segitsen-halainak-fitten-es-egeszsegesen-varni-a-tavaszt\/#primaryimage"},"thumbnailUrl":"https:\/\/blog.tetra.net\/hu-hu\/wp-content\/uploads\/2019\/05\/segitsen-halainak-fitten-es-egeszsegesen-varni-a-tavaszt.jpg","datePublished":"2019-05-01T20:26:55+00:00","dateModified":"2019-05-01T20:26:58+00:00","author":{"@id":"https:\/\/blog.tetra.net\/hu-hu\/#\/schema\/person\/d92e7ecf6ce6dbd52732f052ca0150a8"},"breadcrumb":{"@id":"https:\/\/blog.tetra.net\/hu-hu\/segitsen-halainak-fitten-es-egeszsegesen-varni-a-tavaszt\/#breadcrumb"},"inLanguage":"en-GB","potentialAction":[{"@type":"ReadAction","target":["https:\/\/blog.tetra.net\/hu-hu\/segitsen-halainak-fitten-es-egeszsegesen-varni-a-tavaszt\/"]}]},{"@type":"ImageObject","inLanguage":"en-GB","@id":"https:\/\/blog.tetra.net\/hu-hu\/segitsen-halainak-fitten-es-egeszsegesen-varni-a-tavaszt\/#primaryimage","url":"https:\/\/blog.tetra.net\/hu-hu\/wp-content\/uploads\/2019\/05\/segitsen-halainak-fitten-es-egeszsegesen-varni-a-tavaszt.jpg","contentUrl":"https:\/\/blog.tetra.net\/hu-hu\/wp-content\/uploads\/2019\/05\/segitsen-halainak-fitten-es-egeszsegesen-varni-a-tavaszt.jpg","width":1000,"height":550},{"@type":"BreadcrumbList","@id":"https:\/\/blog.tetra.net\/hu-hu\/segitsen-halainak-fitten-es-egeszsegesen-varni-a-tavaszt\/#breadcrumb","itemListElement":[{"@type":"ListItem","position":1,"name":"Home","item":"https:\/\/blog.tetra.net\/hu-hu\/"},{"@type":"ListItem","position":2,"name":"Seg\u00edtsen halainak fitten \u00e9s eg\u00e9szs\u00e9gesen v\u00e1rni a tavaszt!"}]},{"@type":"WebSite","@id":"https:\/\/blog.tetra.net\/hu-hu\/#website","url":"https:\/\/blog.tetra.net\/hu-hu\/","name":"Tetra advanced fishkeeper blog","description":"","potentialAction":[{"@type":"SearchAction","target":{"@type":"EntryPoint","urlTemplate":"https:\/\/blog.tetra.net\/hu-hu\/?s={search_term_string}"},"query-input":{"@type":"PropertyValueSpecification","valueRequired":true,"valueName":"search_term_string"}}],"inLanguage":"en-GB"},{"@type":"Person","@id":"https:\/\/blog.tetra.net\/hu-hu\/#\/schema\/person\/d92e7ecf6ce6dbd52732f052ca0150a8","name":"admin","image":{"@type":"ImageObject","inLanguage":"en-GB","@id":"https:\/\/secure.gravatar.com\/avatar\/1d0572f2759e327b18a18fc24b6871bbb04d3a9940afbd8956d8176018a9c35e?s=96&d=mm&r=g","url":"https:\/\/secure.gravatar.com\/avatar\/1d0572f2759e327b18a18fc24b6871bbb04d3a9940afbd8956d8176018a9c35e?s=96&d=mm&r=g","contentUrl":"https:\/\/secure.gravatar.com\/avatar\/1d0572f2759e327b18a18fc24b6871bbb04d3a9940afbd8956d8176018a9c35e?s=96&d=mm&r=g","caption":"admin"}}]}},"_links":{"self":[{"href":"https:\/\/blog.tetra.net\/hu-hu\/wp-json\/wp\/v2\/posts\/2022","targetHints":{"allow":["GET"]}}],"collection":[{"href":"https:\/\/blog.tetra.net\/hu-hu\/wp-json\/wp\/v2\/posts"}],"about":[{"href":"https:\/\/blog.tetra.net\/hu-hu\/wp-json\/wp\/v2\/types\/post"}],"author":[{"embeddable":true,"href":"https:\/\/blog.tetra.net\/hu-hu\/wp-json\/wp\/v2\/users\/1"}],"replies":[{"embeddable":true,"href":"https:\/\/blog.tetra.net\/hu-hu\/wp-json\/wp\/v2\/comments?post=2022"}],"version-history":[{"count":2,"href":"https:\/\/blog.tetra.net\/hu-hu\/wp-json\/wp\/v2\/posts\/2022\/revisions"}],"predecessor-version":[{"id":2025,"href":"https:\/\/blog.tetra.net\/hu-hu\/wp-json\/wp\/v2\/posts\/2022\/revisions\/2025"}],"wp:featuredmedia":[{"embeddable":true,"href":"https:\/\/blog.tetra.net\/hu-hu\/wp-json\/wp\/v2\/media\/2024"}],"wp:attachment":[{"href":"https:\/\/blog.tetra.net\/hu-hu\/wp-json\/wp\/v2\/media?parent=2022"}],"wp:term":[{"taxonomy":"category","embeddable":true,"href":"https:\/\/blog.tetra.net\/hu-hu\/wp-json\/wp\/v2\/categories?post=2022"},{"taxonomy":"post_tag","embeddable":true,"href":"https:\/\/blog.tetra.net\/hu-hu\/wp-json\/wp\/v2\/tags?post=2022"}],"curies":[{"name":"wp","href":"https:\/\/api.w.org\/{rel}","templated":true}]}}